{"id":1151,"date":"2017-05-03T12:45:56","date_gmt":"2017-05-03T12:45:56","guid":{"rendered":"http:\/\/www.sanchestonini.com.br\/website\/?p=1151"},"modified":"2017-05-04T11:44:30","modified_gmt":"2017-05-04T11:44:30","slug":"reforma-trabalhista-em-evidencia","status":"publish","type":"post","link":"https:\/\/www.sanchestonini.com.br\/website\/reforma-trabalhista-em-evidencia\/","title":{"rendered":"Reforma trabalhista em evid\u00eancia"},"content":{"rendered":"<p><a href=\"http:\/\/www.sanchestonini.com.br\/website\/wp-content\/uploads\/2017\/05\/9-1verdades.jpg\"><img loading=\"lazy\" decoding=\"async\" class=\"alignnone size-full wp-image-1152\" src=\"http:\/\/www.sanchestonini.com.br\/website\/wp-content\/uploads\/2017\/05\/9-1verdades.jpg\" alt=\"9-1verdades\" width=\"1200\" height=\"630\" srcset=\"https:\/\/www.sanchestonini.com.br\/website\/wp-content\/uploads\/2017\/05\/9-1verdades.jpg 1200w, https:\/\/www.sanchestonini.com.br\/website\/wp-content\/uploads\/2017\/05\/9-1verdades-300x158.jpg 300w, https:\/\/www.sanchestonini.com.br\/website\/wp-content\/uploads\/2017\/05\/9-1verdades-1024x538.jpg 1024w\" sizes=\"auto, (max-width: 1200px) 100vw, 1200px\" \/><\/a><\/p>\n<p>Na \u00faltima quarta-feira (27\/04\/2017), a C\u00e2mara dos Deputados aprovou a proposta de reforma trabalhista (PL 6.787\/2016), que alterou uma centena de dispositivos da nossa CLT. O pr\u00f3ximo passo, agora, \u00e9 a sua tramita\u00e7\u00e3o no Senado Federal para, enfim, ser aprovada definitivamente.<\/p>\n<p>Entre todos os pontos a serem destacados, elencamos 10 principais t\u00f3picos da reforma para discutirmos ao longo deste m\u00eas do trabalho. Portanto, descubra quais s\u00e3o as nove verdades e uma mentira sobre a reforma trabalhista, que ter\u00e1 grande import\u00e2ncia na vida de todos os brasileiros, desde empregados a empregadores. Vejamos:<\/p>\n<p>1 \u2013 As f\u00e9rias poder\u00e3o ser parceladas em tr\u00eas vezes ao longo do ano;<\/p>\n<p>2 \u2013 O acordo entre o empregador e os empregados poder\u00e3o ser contr\u00e1rios \u00e0 Lei;<\/p>\n<p>3 \u2013 Hor\u00e1rio de almo\u00e7o poder\u00e1 ser reduzido para 30 minutos para quem trabalhe mais de 06h (seis horas) di\u00e1rias;<\/p>\n<p>4 \u2013 Poder\u00e1 haver prorroga\u00e7\u00e3o da jornada de trabalho em ambientes insalubres, sem licen\u00e7a pr\u00e9via do Minist\u00e9rio do Trabalho;<\/p>\n<p>5 \u2013 O trabalhador efetivo n\u00e3o poder\u00e1 ser demitido e recontratado como terceirizado no per\u00edodo de 03 (tr\u00eas) meses;<\/p>\n<p>6 \u2013 A contribui\u00e7\u00e3o sindical, descontada uma vez ao ano, equivalente a um dia de sal\u00e1rio do trabalhador, passar\u00e1 a ser opcional;<\/p>\n<p>7 \u2013 N\u00e3o ser\u00e3o computadas como horas extras o deslocamento do trabalhador at\u00e9 o local de trabalho e a volta para casa, quando o transporte for fornecido pelo empregador em local de dif\u00edcil acesso ou onde n\u00e3o h\u00e1 transporte p\u00fablico;<\/p>\n<p>8 \u2013 O banco de horas, que deveria ser compensado no per\u00edodo m\u00e1ximo de um ano, dever\u00e1 ser compensado no per\u00edodo m\u00e1ximo de seis meses;<\/p>\n<p>9 \u2013 A jornada de trabalho 12&#215;36 passa a valer para todo tipo de categoria;<\/p>\n<p>10 \u2013 No caso de sucess\u00e3o empresarial ou de empregadores, as obriga\u00e7\u00f5es trabalhistas passam a ser de responsabilidade do sucessor.<\/p>\n<p>Diferentemente do que ocorre nas m\u00eddias sociais (principalmente no Facebook), iremos inform\u00e1-los qual seria a \u00fanica mentira entre os 10 (dez) itens mencionados acima.<\/p>\n<p>Assim, a \u00fanica mentira contida, est\u00e1 no item&#8230; \u201c5 &#8211; O trabalhador efetivo n\u00e3o poder\u00e1 ser demitido e recontratado como terceirizado no per\u00edodo de 03 (tr\u00eas) meses\u201d. Sobre esse assunto espec\u00edfico, a nova lei trabalhista pretende dar maior amparo ao trabalhador, ap\u00f3s aprova\u00e7\u00e3o da questionada \u201clei da terceiriza\u00e7\u00e3o\u201d (Lei n\u00ba 13.429, de 31 de mar\u00e7o de 2017).<\/p>\n<p>Apenas para que se entenda este ponto, a \u201clei da terceiriza\u00e7\u00e3o\u201d tirou a responsabilidade do tomador dos servi\u00e7os terceirizados quanto \u00e0s obriga\u00e7\u00f5es trabalhistas n\u00e3o assumidas pela empresa prestadora de servi\u00e7os.<\/p>\n<p>Pois bem, o que se temia era a dispensa dos empregados efetivos e sua contrata\u00e7\u00e3o atrav\u00e9s de empresa terceirizada, tirando a responsabilidade da tomadora.<\/p>\n<p>No entanto, a nova lei trabalhista proibiu a demiss\u00e3o e recontrata\u00e7\u00e3o deste mesmo empregado, como terceirizado, no per\u00edodo de <strong><u>18 (dezoito) meses,<\/u><\/strong> e n\u00e3o 03 (tr\u00eas) meses, conforme mencionou o item 5 acima, o que garante maior amparo ao trabalhador<\/p>\n<p>Al\u00e9m destes pontos, outros tamb\u00e9m ser\u00e3o abordados no decorrer do m\u00eas trabalhista, tais como o trabalho da gestante em locais insalubres, regime de trabalho, trabalho remoto ou home office, multa por falta de registro na CTPS, crime de reten\u00e7\u00e3o da CTPS, entre outros.<\/p>\n<p>Portanto, fiquem atentos aos nossos pr\u00f3ximos artigos, que ir\u00e3o esclarecer muitas d\u00favidas, tanto dos empregados quanto dos empregadores, desvendando os mitos impostos pela falta de informa\u00e7\u00e3o e comunica\u00e7\u00e3o.<\/p>\n<p>C\u00e1ssio Henrique Ranalli &#8211; Advogado Trabalhista<\/p>\n<p>Sanches Tonini Advogados.<\/p>\n<p>&nbsp;<\/p>\n<div id=\"websigner_softplan_com_br\" class=\"websigner_softplan_com_br\" style=\"display: none;\"><\/div>\n<div id=\"websigner_softplan_com_br\" class=\"websigner_softplan_com_br\" style=\"display: none;\"><\/div>\n<div id=\"websigner_softplan_com_br\" class=\"websigner_softplan_com_br\" style=\"display: none;\"><\/div>\n","protected":false},"excerpt":{"rendered":"<p>Na \u00faltima quarta-feira (27\/04\/2017), a C\u00e2mara dos Deputados aprovou a proposta de reforma trabalhista (PL 6.787\/2016), que alterou uma centena de dispositivos da nossa CLT. O pr\u00f3ximo passo, agora, \u00e9 a sua tramita\u00e7\u00e3o no Senado Federal para, enfim, ser aprovada definitivamente. Entre todos os pontos a serem destacados, elencamos 10 principais t\u00f3picos da reforma para [&hellip;]<\/p>\n","protected":false},"author":1,"featured_media":0,"comment_status":"open","ping_status":"open","sticky":false,"template":"","format":"standard","meta":{"_joinchat":[],"footnotes":""},"categories":[30],"tags":[],"class_list":["post-1151","post","type-post","status-publish","format-standard","hentry","category-artigos"],"_links":{"self":[{"href":"https:\/\/www.sanchestonini.com.br\/website\/wp-json\/wp\/v2\/posts\/1151","targetHints":{"allow":["GET"]}}],"collection":[{"href":"https:\/\/www.sanchestonini.com.br\/website\/wp-json\/wp\/v2\/posts"}],"about":[{"href":"https:\/\/www.sanchestonini.com.br\/website\/wp-json\/wp\/v2\/types\/post"}],"author":[{"embeddable":true,"href":"https:\/\/www.sanchestonini.com.br\/website\/wp-json\/wp\/v2\/users\/1"}],"replies":[{"embeddable":true,"href":"https:\/\/www.sanchestonini.com.br\/website\/wp-json\/wp\/v2\/comments?post=1151"}],"version-history":[{"count":5,"href":"https:\/\/www.sanchestonini.com.br\/website\/wp-json\/wp\/v2\/posts\/1151\/revisions"}],"predecessor-version":[{"id":1158,"href":"https:\/\/www.sanchestonini.com.br\/website\/wp-json\/wp\/v2\/posts\/1151\/revisions\/1158"}],"wp:attachment":[{"href":"https:\/\/www.sanchestonini.com.br\/website\/wp-json\/wp\/v2\/media?parent=1151"}],"wp:term":[{"taxonomy":"category","embeddable":true,"href":"https:\/\/www.sanchestonini.com.br\/website\/wp-json\/wp\/v2\/categories?post=1151"},{"taxonomy":"post_tag","embeddable":true,"href":"https:\/\/www.sanchestonini.com.br\/website\/wp-json\/wp\/v2\/tags?post=1151"}],"curies":[{"name":"wp","href":"https:\/\/api.w.org\/{rel}","templated":true}]}}