{"id":1330,"date":"2020-04-18T17:08:54","date_gmt":"2020-04-18T17:08:54","guid":{"rendered":"http:\/\/www.sanchestonini.com.br\/website\/?p=1330"},"modified":"2020-04-18T17:23:08","modified_gmt":"2020-04-18T17:23:08","slug":"covid-19-e-o-direito-penal","status":"publish","type":"post","link":"https:\/\/www.sanchestonini.com.br\/website\/covid-19-e-o-direito-penal\/","title":{"rendered":"Boletim Informativo #5"},"content":{"rendered":"<h3><span style=\"color: #33cccc;\">A rela\u00e7\u00e3o entre o Covid-19 e o Direito Penal<\/span><\/h3>\n<p>Diante da atual pandemia causada pelo Coronav\u00edrus (Covid-19), nosso pa\u00eds, bem como o mundo todo, teve que parar e mudar drasticamente a rotina das pessoas, o que acabou afetando diversas \u00e1reas e pessoas.<\/p>\n<p>Assim, autoridades p\u00fablicas de todo o mundo est\u00e3o impondo medidas para tentar conter a dissemina\u00e7\u00e3o do Covid-19. Por\u00e9m, muitas pessoas ainda n\u00e3o est\u00e3o cumprindo com as determina\u00e7\u00f5es estatais que visam a conten\u00e7\u00e3o da doen\u00e7a, o que pode resultar na pr\u00e1tica de infra\u00e7\u00f5es penais.<\/p>\n<p>O presente Boletim Informativo visa tratar sobre o direito penal diante da pandemia que vivemos, j\u00e1 que algumas atitudes podem ser consideradas criminosas pelo C\u00f3digo Penal Brasileiro. Vejamos alguns exemplos.<\/p>\n<p>Conforme previsto no artigo 268 do C\u00f3digo Penal, \u00e9 crime contra a sa\u00fade p\u00fablica a infra\u00e7\u00e3o de qualquer medida sanit\u00e1ria preventiva de doen\u00e7as contagiosas. O infrator pode ser punido com deten\u00e7\u00e3o de 1 m\u00eas a 1 ano, e multa.<\/p>\n<p>Assim, a pessoa que n\u00e3o obedecer as determina\u00e7\u00f5es emanadas pelo poder p\u00fablico (seja as da Lei 13.979\/20 ou qualquer outro ato normativo) destinadas a impedir o surgimento ou a propaga\u00e7\u00e3o do Covid-19 no nosso pa\u00eds, tendo conhecimento destas determina\u00e7\u00f5es, estar\u00e1 praticando o crime previsto no artigo 268 do c\u00f3digo repressivo.<\/p>\n<p>\u00c9 certo que al\u00e9m de crime contra a sa\u00fade p\u00fablica, o ato de desobedecer a ordem legal de funcion\u00e1rio p\u00fablico, como regras relativas \u00e0 quarentena ou fechamento de estabelecimento, pode, de maneira mais gen\u00e9rica, configurar um eventual crime de desobedi\u00eancia, que tem previs\u00e3o no artigo 330 do CP, cuja a pena de deten\u00e7\u00e3o pode ser de 15 dias a dois anos.<\/p>\n<p>Al\u00e9m disso, temos o crime previsto no artigo 269 do CP, o qual disp\u00f5e que a omiss\u00e3o m\u00e9dica de notifica\u00e7\u00f5es de doen\u00e7as contagiosas pode ser punida com deten\u00e7\u00e3o de 6 meses a 2 anos, e multa. Ou seja, m\u00e9dicos que deixam de informar casos confirmados de coronav\u00edrus \u00e0 autoridade p\u00fablica tamb\u00e9m podem cometer este il\u00edcito penal.<\/p>\n<p>Temos ainda o artigo 131 do C\u00f3digo Penal que tipifica o crime de perigo de cont\u00e1gio de mol\u00e9stia grave, ou seja, a pessoa que sabe estar contaminada com mol\u00e9stia grave e mesmo assim pratica ato capaz de produzir o cont\u00e1gio para outra pessoa. Neste caso, a pena varia de um a quatro anos de reclus\u00e3o, al\u00e9m de multa.<\/p>\n<p>Expor a vida ou a sa\u00fade de outros a perigo direto tamb\u00e9m prev\u00ea crime, como consta no artigo 132 do C\u00f3digo Penal. A pena de reclus\u00e3o varia de 3 meses a 1 ano, se o ato n\u00e3o constituir crime mais grave. A pena \u00e9 aumentada caso a a\u00e7\u00e3o decorra do transporte de pessoas para presta\u00e7\u00e3o de servi\u00e7os em estabelecimentos de qualquer natureza, em desacordo com as normas legais.<\/p>\n<p>Por fim, h\u00e1 ainda a previs\u00e3o do artigo 135-A do C\u00f3digo Penal, que prev\u00ea que \u00e9 crime a exig\u00eancia de preenchimento pr\u00e9vio de formul\u00e1rios administrativos, cheque-cau\u00e7\u00e3o, nota promiss\u00f3ria ou qualquer garantia para atendimento m\u00e9dico-hospitalar emergencial. Ou seja, o hospital n\u00e3o pode exigir uma pr\u00e9via garantia de pagamento para casos de atendimentos urgentes.<\/p>\n<p>Isto posto, o momento em que vivemos pede a colabora\u00e7\u00e3o, o esfor\u00e7o e a consci\u00eancia de todos n\u00f3s, para evitar a propaga\u00e7\u00e3o e o cont\u00e1gio da Covid-19. Assim, cumprindo as determina\u00e7\u00f5es do Poder P\u00fablico e observando as recomenda\u00e7\u00f5es e orienta\u00e7\u00f5es oriundas dos profissionais da sa\u00fade, podemos preservar a sa\u00fade da popula\u00e7\u00e3o.<\/p>\n<p>&nbsp;<\/p>\n<p><em>Ana Carolina Garcia de Castilho \u2013 Advogada.<\/em><\/p>\n<div id=\"websigner_softplan_com_br\" class=\"websigner_softplan_com_br\" style=\"display: none;\"><\/div>\n<div id=\"websigner_softplan_com_br\" class=\"websigner_softplan_com_br\" style=\"display: none;\"><\/div>\n<div id=\"websigner_softplan_com_br\" class=\"websigner_softplan_com_br\" style=\"display: none;\"><\/div>\n<div id=\"websigner_softplan_com_br\" class=\"websigner_softplan_com_br\" style=\"display: none;\"><\/div>\n<div id=\"websigner_softplan_com_br\" class=\"websigner_softplan_com_br\" style=\"display: none;\"><\/div>\n<div id=\"websigner_softplan_com_br\" class=\"websigner_softplan_com_br\" style=\"display: none;\"><\/div>\n<div id=\"websigner_softplan_com_br\" class=\"websigner_softplan_com_br\" style=\"display: none;\"><\/div>\n<div id=\"websigner_softplan_com_br\" class=\"websigner_softplan_com_br\" style=\"display: none;\"><\/div>\n<div id=\"websigner_softplan_com_br\" class=\"websigner_softplan_com_br\" style=\"display: none;\"><\/div>\n","protected":false},"excerpt":{"rendered":"<p>A rela\u00e7\u00e3o entre o Covid-19 e o Direito Penal Diante da atual pandemia causada pelo Coronav\u00edrus (Covid-19), nosso pa\u00eds, bem como o mundo todo, teve que parar e mudar drasticamente a rotina das pessoas, o que acabou afetando diversas \u00e1reas e pessoas. Assim, autoridades p\u00fablicas de todo o mundo est\u00e3o impondo medidas para tentar conter [&hellip;]<\/p>\n","protected":false},"author":1,"featured_media":1338,"comment_status":"open","ping_status":"open","sticky":false,"template":"","format":"standard","meta":{"_joinchat":[],"footnotes":""},"categories":[30],"tags":[],"class_list":["post-1330","post","type-post","status-publish","format-standard","has-post-thumbnail","hentry","category-artigos"],"_links":{"self":[{"href":"https:\/\/www.sanchestonini.com.br\/website\/wp-json\/wp\/v2\/posts\/1330","targetHints":{"allow":["GET"]}}],"collection":[{"href":"https:\/\/www.sanchestonini.com.br\/website\/wp-json\/wp\/v2\/posts"}],"about":[{"href":"https:\/\/www.sanchestonini.com.br\/website\/wp-json\/wp\/v2\/types\/post"}],"author":[{"embeddable":true,"href":"https:\/\/www.sanchestonini.com.br\/website\/wp-json\/wp\/v2\/users\/1"}],"replies":[{"embeddable":true,"href":"https:\/\/www.sanchestonini.com.br\/website\/wp-json\/wp\/v2\/comments?post=1330"}],"version-history":[{"count":2,"href":"https:\/\/www.sanchestonini.com.br\/website\/wp-json\/wp\/v2\/posts\/1330\/revisions"}],"predecessor-version":[{"id":1333,"href":"https:\/\/www.sanchestonini.com.br\/website\/wp-json\/wp\/v2\/posts\/1330\/revisions\/1333"}],"wp:featuredmedia":[{"embeddable":true,"href":"https:\/\/www.sanchestonini.com.br\/website\/wp-json\/wp\/v2\/media\/1338"}],"wp:attachment":[{"href":"https:\/\/www.sanchestonini.com.br\/website\/wp-json\/wp\/v2\/media?parent=1330"}],"wp:term":[{"taxonomy":"category","embeddable":true,"href":"https:\/\/www.sanchestonini.com.br\/website\/wp-json\/wp\/v2\/categories?post=1330"},{"taxonomy":"post_tag","embeddable":true,"href":"https:\/\/www.sanchestonini.com.br\/website\/wp-json\/wp\/v2\/tags?post=1330"}],"curies":[{"name":"wp","href":"https:\/\/api.w.org\/{rel}","templated":true}]}}